{"id":101,"date":"2025-09-14T23:24:34","date_gmt":"2025-09-14T21:24:34","guid":{"rendered":"https:\/\/basilicadelpilar.com\/de\/?p=101"},"modified":"2025-09-14T23:24:34","modified_gmt":"2025-09-14T21:24:34","slug":"von-der-schlichten-gebetsstaette-zur-majestaetischen-basilika-die-tausendjaehrige-entwicklung-der-el-pilar","status":"publish","type":"post","link":"https:\/\/basilicadelpilar.com\/de\/von-der-schlichten-gebetsstaette-zur-majestaetischen-basilika-die-tausendjaehrige-entwicklung-der-el-pilar\/","title":{"rendered":"Von der schlichten Gebetsst\u00e4tte zur majest\u00e4tischen Basilika: Die tausendj\u00e4hrige Entwicklung der El Pilar"},"content":{"rendered":"\n<p>Die Basilika El Pilar, wie wir sie heute kennen \u2013 ein Emblem des Glaubens und ein architektonisches Meisterwerk \u2013 ist nicht \u00fcber Nacht entstanden. Ihre Geschichte ist eine Reise von zwanzig Jahrhunderten, eine Epos aus Stein und Hingabe, die mit der einfachsten aller Strukturen begann und in der barocken Pracht gipfelte, die heute die Welt in Staunen versetzt.<\/p>\n\n\n\n<p>Die Urspr\u00fcnge verlieren sich im Nebel der Zeit und st\u00fctzen sich mehr auf wahrscheinliche Anhaltspunkte als auf unumst\u00f6\u00dfliche Daten. Die Tradition spricht von einer kleinen Kapelle, einem Oratorium, das dem Heiligen Jakobus (Santiago) gewidmet und von den ersten Christen am Ufer des Ebro errichtet wurde. Dieser schmale, heilige Raum, ein stummer Zeuge der Ankunft der Jungfrau Maria, war der Keim f\u00fcr alles, was folgen sollte.<\/p>\n\n\n\n<p>Im Laufe der Jahrhunderte ben\u00f6tigte der Glaube mehr Raum. Im 2. Jahrhundert wurde die urspr\u00fcngliche Kapelle vergr\u00f6\u00dfert, und nach dem Mail\u00e4nder Edikt im Jahr 313, das der Kirche Frieden brachte, verwandelte sie sich in einen Tempel, der f\u00fcr eine feierlichere Gottesdienstaus\u00fcbung geeignet war. Selbst unter arabischer Herrschaft scheint die heilige&nbsp;<em>Aedicula<\/em>&nbsp;\u2013 wie die Chronisten sie nannten \u2013 respektiert worden zu sein; ein kleiner Leuchtturm des Glaubens in einer \u00fcberwiegend muslimischen Stadt.<\/p>\n\n\n\n<p><strong>Das Licht der Reconquista und die ersten gro\u00dfen Bauwerke<\/strong><\/p>\n\n\n\n<p>Die R\u00fcckeroberung Saragossas im Jahr 1118 leitete eine neue \u00c4ra f\u00fcr den Tempel ein. Ab diesem Zeitpunkt tritt seine Geschichte aus dem Schatten heraus und in eine \u201eZone des Lichts\u201c. Bischof Pedro de Librana unternahm 1120 den Wiederaufbau der alten Kirche und verlieh ihr romanische Formen. Von diesem Tempel ist ein stummer und eleganter Zeuge erhalten: das Tympanon, das noch heute an der Hauptfassade bewundert werden kann.<\/p>\n\n\n\n<p>Der Fluss Ebro, jener \u201el\u00e4stige Nachbar\u201c, wie er von den Alten treffend bezeichnet wurde, demonstrierte jedoch seine Macht durch \u00dcberschwemmungen, die verheerende Sch\u00e4den verursachten und st\u00e4ndige Reparaturen erforderten, wie die unter der Leitung von Hugo de Mataplana.<\/p>\n\n\n\n<p>Die Trag\u00f6die brach 1434 in Form eines verheerenden Brandes herein, der den romanischen Tempel in Schutt und Asche legte. Wie durch ein Wunder blieb das Bildnis der Jungfrau Maria unversehrt in den Flammen. Dieses Wunder veranlasste K\u00f6nigin Blanka von Navarra und Erzbischof Dalmau de Mur, das Heiligtum wiederherzustellen. Kurz darauf, im Jahr 1515, entstand eine imposante gotische Kirche, Santa Mar\u00eda la Mayor, von der wir heute unersetzliche Sch\u00e4tze wie den Altaraufsatz von Dami\u00e1n Forment und das kunstvoll geschnitzte Chorgest\u00fchl bewahren.<\/p>\n\n\n\n<p><strong>Der Traum der heutigen Basilika<\/strong><\/p>\n\n\n\n<p>Der endg\u00fcltige Wendepunkt kam im Jahr 1677. Der Besuch von K\u00f6nig Karl II. in Saragossa war entscheidend. Beeindruckt von der Fr\u00f6mmigkeit und dem Tempel forderte er nach seiner R\u00fcckkehr nach Madrid die Pl\u00e4ne f\u00fcr ein neues und prachtvolles Bauwerk an. F\u00fcr dieses kolossale Vorhaben wurde der Architekt und Maler Francisco de Herrera der J\u00fcngere ausgew\u00e4hlt.<\/p>\n\n\n\n<p>Der Grundstein der neuen Basilika wurde mit gro\u00dfer Feierlichkeit am 25. Juli 1681, dem Tag des Heiligen Jakobus, gelegt. Mit k\u00f6niglicher Unterst\u00fctzung, den Mitteln der Erzbisch\u00f6fe und vor allem den gro\u00dfz\u00fcgigen Spenden der Gl\u00e4ubigen schritten die Arbeiten in erstaunlichem Tempo voran. Bis 1718 waren die Mittelschiffe fertiggestellt, und Chor, Altar und das Allerheiligste Sakrament konnten in freudigen Zeremonien \u00fcbertragen werden.<\/p>\n\n\n\n<p>Doch der Tempel war noch unvollendet. Ihm fehlte das Herzst\u00fcck des gesamten Ensembles: die Heilige Kapelle (Santa Capilla), die die Jungfrau beherbergen sollte.<\/p>\n\n\n\n<p><strong>Der meisterhafte Beitrag von Ventura Rodr\u00edguez<\/strong><\/p>\n\n\n\n<p>Im Jahr 1750 wurde das Genie des spanischen Barocks, Ventura Rodr\u00edguez, zum Architekten der El Pilar ernannt. Als er 1753 in Saragossa eintraf, beschr\u00e4nkte sich seine Arbeit nicht auf den Entwurf der pr\u00e4chtigen Kapelle der Jungfrau \u2013 ein Kunstwerk f\u00fcr sich mit seiner F\u00fclle an Marmor, Bronze und Jaspis. Rodr\u00edguez \u00fcbernahm die Gesamtleitung der Arbeiten, \u00fcberpr\u00fcfte, korrigierte und erneuerte den urspr\u00fcnglichen Plan von Herrera, um das Gesamtensemble mit seiner makellosen Handschrift zu vereinheitlichen und zu versch\u00f6nern.<\/p>\n\n\n\n<p><strong>Die Kr\u00f6nung eines jahrhundertealten Traums<\/strong><\/p>\n\n\n\n<p>Wegen Geldmangels kam der Bau erneut zum Erliegen, sodass die Kuppeln und die Fassade unvollendet blieben. Es sollte das 19. Jahrhundert sein, das die Anstrengungen der vorangegangenen Generationen kr\u00f6nen w\u00fcrde. Die Arbeiten wurden am 22. Oktober 1863 unter der Leitung der Architekten Jos\u00e9 de Yarza und Juan Antonio Atienza sowie eines talentierten Teams von Bildhauern und K\u00fcnstlern energisch wiederaufgenommen.<\/p>\n\n\n\n<p>Schlie\u00dflich wurde nach neun Jahren intensiver Arbeit die Sehnsucht Wirklichkeit. Am 10. Oktober 1872 weihte der Erzbischof von Santiago de Compostela, Kardinal Garc\u00eda Cuesta, die neue Basilika in einer feierlichsten Zeremonie, an der mehr als hunderttausend Pilger teilnahmen, die den Platz in unbeschreiblicher Jubelstimmung \u00fcberfluteten.<\/p>\n\n\n\n<p>Diese Weihe war nicht nur die Segnung eines Geb\u00e4udes; es war die Vollendung eines zweihundert Jahre alten Traums, einer best\u00e4ndigen Obsession, die K\u00f6nige, Bisch\u00f6fe, Architekten und vor allem das spanische Volk vereint hatte, das mit seinem Glauben und seinen Almosen das Unm\u00f6gliche m\u00f6glich gemacht hatte. Von der kleinen Gebetsst\u00e4tte des Heiligen Jakobus zur majest\u00e4tischen Basilika: Jeder Stein erz\u00e4hlt eine Geschichte von Hingabe, Beharrlichkeit und einem unersch\u00fctterlichen Glauben, der das Stadtbild Saragossas \u00fcber Jahrtausende gepr\u00e4gt hat.<\/p>\n","protected":false},"excerpt":{"rendered":"<p>Die Basilika El Pilar, wie wir sie heute kennen \u2013 ein Emblem des Glaubens und ein architektonisches Meisterwerk \u2013 ist nicht \u00fcber Nacht entstanden. Ihre Geschichte ist eine Reise von zwanzig Jahrhunderten, eine Epos aus Stein und Hingabe, die mit der einfachsten aller Strukturen begann und in der barocken Pracht gipfelte, die heute die Welt &hellip;<\/p>\n","protected":false},"author":2,"featured_media":102,"comment_status":"open","ping_status":"open","sticky":false,"template":"","format":"standard","meta":{"footnotes":""},"categories":[9,10],"tags":[44],"class_list":["post-101","post","type-post","status-publish","format-standard","has-post-thumbnail","","category-die-basilika-del-pilar","category-geschichte-des-tempels","tag-tausendjaehrige-entwicklung-der-el-pilar"],"_links":{"self":[{"href":"https:\/\/basilicadelpilar.com\/de\/wp-json\/wp\/v2\/posts\/101","targetHints":{"allow":["GET"]}}],"collection":[{"href":"https:\/\/basilicadelpilar.com\/de\/wp-json\/wp\/v2\/posts"}],"about":[{"href":"https:\/\/basilicadelpilar.com\/de\/wp-json\/wp\/v2\/types\/post"}],"author":[{"embeddable":true,"href":"https:\/\/basilicadelpilar.com\/de\/wp-json\/wp\/v2\/users\/2"}],"replies":[{"embeddable":true,"href":"https:\/\/basilicadelpilar.com\/de\/wp-json\/wp\/v2\/comments?post=101"}],"version-history":[{"count":1,"href":"https:\/\/basilicadelpilar.com\/de\/wp-json\/wp\/v2\/posts\/101\/revisions"}],"predecessor-version":[{"id":103,"href":"https:\/\/basilicadelpilar.com\/de\/wp-json\/wp\/v2\/posts\/101\/revisions\/103"}],"wp:featuredmedia":[{"embeddable":true,"href":"https:\/\/basilicadelpilar.com\/de\/wp-json\/wp\/v2\/media\/102"}],"wp:attachment":[{"href":"https:\/\/basilicadelpilar.com\/de\/wp-json\/wp\/v2\/media?parent=101"}],"wp:term":[{"taxonomy":"category","embeddable":true,"href":"https:\/\/basilicadelpilar.com\/de\/wp-json\/wp\/v2\/categories?post=101"},{"taxonomy":"post_tag","embeddable":true,"href":"https:\/\/basilicadelpilar.com\/de\/wp-json\/wp\/v2\/tags?post=101"}],"curies":[{"name":"wp","href":"https:\/\/api.w.org\/{rel}","templated":true}]}}