{"id":85,"date":"2025-08-27T22:01:01","date_gmt":"2025-08-27T20:01:01","guid":{"rendered":"https:\/\/basilicadelpilar.com\/de\/?p=85"},"modified":"2025-08-27T22:01:01","modified_gmt":"2025-08-27T20:01:01","slug":"die-aragonesische-tracht-stolz-glaube-und-lebendige-tradition-im-land-des-pilar","status":"publish","type":"post","link":"https:\/\/basilicadelpilar.com\/de\/die-aragonesische-tracht-stolz-glaube-und-lebendige-tradition-im-land-des-pilar\/","title":{"rendered":"Die aragonesische Tracht: Stolz, Glaube und lebendige Tradition im Land des Pilar"},"content":{"rendered":"\n<p>Die aragonesische Tracht ist weit mehr als nur folkloristische Kleidung. Sie ist lebendige Erinnerung, kulturelle Identit\u00e4t und ein Symbol eines Landes, das Geschichte, Fr\u00f6mmigkeit und Br\u00e4uche atmet, die von Generation zu Generation weitergegeben werden. Man kann Arag\u00f3n nicht verstehen ohne seine T\u00e4nze, ohne die Jota, ohne die Kraft seiner Menschen\u2026 und auch nicht ohne seine typische Tracht, die Bauern und Hirten ebenso begleitete wie die Gl\u00e4ubigen w\u00e4hrend der <strong>Fiestas del Pilar<\/strong>, wenn die Jungfrau jedes Jahr einen riesigen Blumenteppich empf\u00e4ngt, eingerahmt von tausenden Farben, Stoffen und T\u00fcchern.<\/p>\n\n\n\n<p>In diesem Artikel tauchen wir ein in den Reichtum der <strong>aragonesischen Tracht<\/strong>, indem wir ihre Geschichte, ihre charakteristischsten Elemente, ihre wenig bekannten Kuriosit\u00e4ten und vor allem ihre spirituelle und kulturelle Dimension als Ausdruck eines Volkes, das zutiefst mit der Jungfrau von El Pilar und dem katholischen Glauben verbunden ist, betrachten.<\/p>\n\n\n\n<hr class=\"wp-block-separator has-alpha-channel-opacity\"\/>\n\n\n\n<h2 class=\"wp-block-heading\">Urspr\u00fcnge der aragonesischen Tracht<\/h2>\n\n\n\n<p>Die aragonesische Tracht hat ihre Wurzeln im 18. und 19. Jahrhundert, als die Kleidung des Volkes sowohl die soziale Schicht als auch die geografische Herkunft widerspiegelte. Hirten, Bauern, Handwerker und H\u00e4ndler kleideten sich unterschiedlich, aber alle teilten bestimmte Gemeinsamkeiten: robuste Stoffe f\u00fcr die Arbeit, schlichte Farben f\u00fcr den Alltag und aufwendigere Details an Festtagen.<\/p>\n\n\n\n<p>Mit der Zeit wurden diese Alltagskleider verfeinert und zu <strong>Symbolen kultureller Identit\u00e4t<\/strong>, besonders als die Jota \u2014 der aragonesische Gesang und Tanz schlechthin \u2014 im 19. Jahrhundert an Bedeutung gewann. Die T\u00e4nzer brauchten Kleidung, die nicht nur funktional, sondern auch repr\u00e4sentativ und auff\u00e4llig war. So entstand das, was wir heute als aragonesische Tracht kennen.<\/p>\n\n\n\n<p>Interessanterweise war die Tracht keine k\u00fcnstliche \u201efolkloristische Erfindung\u201c, sondern die nat\u00fcrliche Weiterentwicklung b\u00e4uerlicher und st\u00e4dtischer Kleidung. Was wir heute bei Festen sehen, hat Jahrhunderte an Textiltradition, l\u00e4ndlichen Br\u00e4uchen und gesellschaftlichen Anpassungen hinter sich.<\/p>\n\n\n\n<hr class=\"wp-block-separator has-alpha-channel-opacity\"\/>\n\n\n\n<h2 class=\"wp-block-heading\">Die Frauentracht: Eleganz, St\u00e4rke und Farbe<\/h2>\n\n\n\n<p>Die <strong>aragonesische Frauentracht<\/strong> ist unverwechselbar sch\u00f6n. Sie zeichnet sich durch ihre schlichte Eleganz aus, ist aber voller Details, die von Geschichte und Tradition erz\u00e4hlen.<\/p>\n\n\n\n<ul class=\"wp-block-list\">\n<li><strong>Der Rock oder \u201esaya\u201c<\/strong>: weit, meist aus Wolle im Winter oder Baumwolle im Sommer, in leuchtenden Farben wie Rot, Blau oder Gr\u00fcn. Viele sind gestreift oder mit Blumenmustern versehen.<\/li>\n\n\n\n<li><strong>Der \u201erefajo\u201c<\/strong>: ein Unterrock, der Volumen und W\u00e4rme verleiht.<\/li>\n\n\n\n<li><strong>Die Sch\u00fcrze<\/strong>: nicht nur funktional, sondern auch dekorativ, oft mit handgefertigten Stickereien, die jedes St\u00fcck einzigartig machen.<\/li>\n\n\n\n<li><strong>Das Kopftuch oder der Schal (\u201emantilla\u201c\/\u201emant\u00f3n\u201c)<\/strong>: vielleicht das auff\u00e4lligste Element. Es gibt sie aus bestickter Wolle, Seide oder Samt, viele mit langen Fransen, die sich beim Tanz der Jota bewegen.<\/li>\n\n\n\n<li><strong>Die Bluse oder das Hemd<\/strong>: meist wei\u00df, mit Spitze oder Borten an den \u00c4rmeln.<\/li>\n\n\n\n<li><strong>Die Frisur<\/strong>: zu traditionellen Knoten aufgesteckt, oft mit K\u00e4mmen verziert.<\/li>\n<\/ul>\n\n\n\n<p>Das Ensemble vermittelt St\u00e4rke, Weiblichkeit und Stolz. Es ist kein Zufall, dass w\u00e4hrend der <strong>Blumenopfergabe an die Jungfrau von El Pilar<\/strong> tausende aragonesische Frauen diese Trachten tragen, um die Mutter Gottes zu ehren, und damit sowohl ihren K\u00f6rper als auch ihren Glauben kleiden.<\/p>\n\n\n\n<hr class=\"wp-block-separator has-alpha-channel-opacity\"\/>\n\n\n\n<h2 class=\"wp-block-heading\">Die M\u00e4nnertacht: Schlichtheit und Charakter<\/h2>\n\n\n\n<p>Die <strong>aragonesische M\u00e4nnertacht<\/strong> spiegelt die Robustheit und W\u00fcrde des aragonesischen Mannes wider. Auch wenn sie auf den ersten Blick schlichter erscheinen mag als die Frauentracht, ist sie voller Pers\u00f6nlichkeit.<\/p>\n\n\n\n<ul class=\"wp-block-list\">\n<li><strong>Die Sch\u00e4rpe (\u201efaja\u201c)<\/strong>: ein unverzichtbares St\u00fcck, lang und in leuchtenden Farben, das um die Taille gewickelt wird und die Hose h\u00e4lt.<\/li>\n\n\n\n<li><strong>Die Hose oder \u201ezarag\u00fcell\u201c<\/strong>: weite Kniebundhosen, meist aus Leinen oder Baumwolle.<\/li>\n\n\n\n<li><strong>Das Hemd<\/strong>: wei\u00df, aus Leinen oder Baumwolle, manchmal mit R\u00fcschen verziert.<\/li>\n\n\n\n<li><strong>Die Weste<\/strong>: bestickt oder aus Samt, mit Metallkn\u00f6pfen.<\/li>\n\n\n\n<li><strong>Das \u201ecachirulo\u201c<\/strong>: das rot-schwarz karierte Tuch, das um den Kopf gebunden wird. Dies ist vielleicht das bekannteste Symbol der aragonesischen Tracht und der aragonesischen Identit\u00e4t selbst.<\/li>\n\n\n\n<li><strong>Der Umhang oder die lange Sch\u00e4rpe<\/strong>: im Winter oder bei feierlichen Anl\u00e4ssen getragen.<\/li>\n<\/ul>\n\n\n\n<p>Der als <em>baturro<\/em> gekleidete Mann verk\u00f6rpert die Figur des aragonesischen Bauern: stark und flei\u00dfig, aber auch fromm und stolz auf sein Land.<\/p>\n\n\n\n<hr class=\"wp-block-separator has-alpha-channel-opacity\"\/>\n\n\n\n<h2 class=\"wp-block-heading\">Die Tracht und die aragonesische Jota<\/h2>\n\n\n\n<p>Man kann nicht \u00fcber die Tracht sprechen, ohne die <strong>Jota<\/strong> zu erw\u00e4hnen, den Tanz und Gesang, der die aragonesische Seele am besten repr\u00e4sentiert. Bei jedem Fest machen die Drehungen der R\u00f6cke und das Schwingen der Schals, zusammen mit der Eleganz der Westen und Sch\u00e4rpen, die Tracht zu einem visuellen Hauptdarsteller der Musik.<\/p>\n\n\n\n<p>Die Jota, die als Volksgesang auf Pl\u00e4tzen und Feldern entstanden ist, fand in der regionalen Tracht ihre perfekte Begleiterin. Die Kleidung schm\u00fcckt nicht nur, sondern unterstreicht auch den Ausdruck des Tanzes: fliegende Fransen, sich vermischende Farben, das mit Kraft geschwungene Tuch\u2026 Alles tr\u00e4gt dazu bei, dass jede Jota auch eine Ausstellung der Textilkultur ist.<\/p>\n\n\n\n<hr class=\"wp-block-separator has-alpha-channel-opacity\"\/>\n\n\n\n<h2 class=\"wp-block-heading\">Die regionale Tracht w\u00e4hrend der Fiestas del Pilar<\/h2>\n\n\n\n<p>Der H\u00f6hepunkt, bei dem die aragonesische Tracht am hellsten erstrahlt, sind die <strong>Fiestas del Pilar<\/strong> jeden Oktober in Saragossa.<\/p>\n\n\n\n<p>Die <strong>Blumenopfergabe an die Jungfrau von El Pilar<\/strong> ist ein weltweit einzigartiges Ereignis: Tausende Menschen aus allen Ecken Aragoniens und aus dem Ausland kleiden sich in die typische Tracht, um Blumen zu F\u00fc\u00dfen der Jungfrau zu legen. Der Platz des Pilar verwandelt sich in ein menschliches Mosaik aus Farben, D\u00fcften und Glauben.<\/p>\n\n\n\n<p>In diesem Moment h\u00f6rt die Tracht auf, nur Folklore zu sein, und wird zu einem <strong>Akt der Hingabe<\/strong>. Jede Blume, jedes Tuch, jeder bestickte Schal ist ein Ausdruck der Liebe zur Jungfrau. Die regionale Tracht wird dann zu einem Gebet aus Stoff.<\/p>\n\n\n\n<hr class=\"wp-block-separator has-alpha-channel-opacity\"\/>\n\n\n\n<h2 class=\"wp-block-heading\">Wenig bekannte Kuriosit\u00e4ten \u00fcber die aragonesische Tracht<\/h2>\n\n\n\n<ol class=\"wp-block-list\">\n<li><strong>Das Cachirulo war nicht immer rot und schwarz<\/strong>: Obwohl es heute das beliebteste ist, gab es T\u00fccher in vielen Farben und Mustern, je nach Region und Anlass.<\/li>\n\n\n\n<li><strong>Die Stickereien waren eine \u201egeheime Sprache\u201c<\/strong>: Einige Familien stickten Symbole oder Initialen in Sch\u00fcrzen und Schals als Zeichen der Identit\u00e4t.<\/li>\n\n\n\n<li><strong>Festtrachten wurden vererbt<\/strong>: Sie waren wertvolle, handgefertigte St\u00fccke, die von M\u00fcttern an T\u00f6chter oder von V\u00e4tern an S\u00f6hne als wahre Familiensch\u00e4tze weitergegeben wurden.<\/li>\n\n\n\n<li><strong>Der mud\u00e9jarische Einfluss<\/strong>: Einige Textilentw\u00fcrfe erinnern an die aragonesische Mud\u00e9jar-Kunst, mit Geometrien und Farben, die diese kulturelle Verschmelzung hervorrufen.<\/li>\n\n\n\n<li><strong>Es gab nicht nur eine einzige regionale Tracht<\/strong>: Je nach Region (Huesca, Teruel, Saragossa) gab es Unterschiede in Farben, Schnitten und Verzierungen.<\/li>\n<\/ol>\n\n\n\n<hr class=\"wp-block-separator has-alpha-channel-opacity\"\/>\n\n\n\n<h2 class=\"wp-block-heading\">Die aragonesische Tracht heute: Identit\u00e4t und Stolz<\/h2>\n\n\n\n<p>Weit davon entfernt, der Vergangenheit anzugeh\u00f6ren, ist die aragonesische Tracht noch lebendig und im vollen Aufschwung. Kulturelle Vereinigungen, Folkloregruppen und Bruderschaften halten sie bei Festen, Wallfahrten und Prozessionen pr\u00e4sent.<\/p>\n\n\n\n<p>Heutzutage tragen viele junge Menschen sie stolz w\u00e4hrend der Blumenopfergabe des Pilar und sp\u00fcren, dass sie durch das Anlegen der Tracht eine Verbindung zu ihrer Familiengeschichte und dem Glauben ihrer Vorfahren herstellen. Die regionale Tracht wird so zu einer <strong>Br\u00fccke zwischen den Generationen<\/strong>, in der Gro\u00dfeltern, Eltern und Enkel Tradition und Hingabe teilen.<\/p>\n\n\n\n<p>Dar\u00fcber hinaus hat die aragonesische Kleidung die Grenzen \u00fcberschritten. In St\u00e4dten Lateinamerikas wie Buenos Aires oder Mexiko-Stadt feiern aragonesische Gemeinschaften ebenfalls die Blumenopfergabe und tragen die traditionelle Tracht, wodurch die Flamme ihrer Identit\u00e4t fern der Heimat lebendig bleibt.<\/p>\n\n\n\n<hr class=\"wp-block-separator has-alpha-channel-opacity\"\/>\n\n\n\n<h2 class=\"wp-block-heading\">Eine Tracht, die vom Glauben spricht<\/h2>\n\n\n\n<p>\u00dcber das Kulturelle hinaus birgt die aragonesische Tracht eine spirituelle Bedeutung. Sie in Ehre der Jungfrau von El Pilar zu tragen, ist eine Geste der Liebe und Zugeh\u00f6rigkeit. Es ist, der Mutter Gottes zu sagen: \u201eHier sind wir, mit dem, was wir sind, mit unseren Wurzeln, unseren Familien, unserem Volk.\u201c<\/p>\n\n\n\n<p>Jedes gebundene Tuch, jeder entfaltete Schal, jede niedergelegte Blume ist Teil einer <strong>volkst\u00fcmlichen Liturgie<\/strong>, die die Stra\u00dfen in einen Tempel und die Tradition in ein Gebet verwandelt.<\/p>\n\n\n\n<p>Deshalb ist die aragonesische Tracht nicht nur Folklore. Sie ist Kultur, Geschichte, Identit\u00e4t und Glaube. Sie ist Arag\u00f3n, in Stoff, Musik und Hingabe verk\u00f6rpert.<\/p>\n\n\n\n<hr class=\"wp-block-separator has-alpha-channel-opacity\"\/>\n\n\n\n<h2 class=\"wp-block-heading\">Schlussfolgerung<\/h2>\n\n\n\n<p>Die aragonesische Tracht ist ein kulturelles Juwel, das bei jedem Fest, in jeder Jota und vor allem bei jeder Blumenopfergabe an die Jungfrau von El Pilar weiterlebt. Ihre Farben, Formen und ihre Geschichte erz\u00e4hlen uns von einem Volk, das stolz auf seine Wurzeln ist und zutiefst seiner Patronin ergeben.<\/p>\n\n\n\n<p>Wer die aragonesische Tracht tr\u00e4gt, ehrt nicht nur seine Vorfahren: Er dr\u00fcckt auch eine unzerst\u00f6rbare Verbindung zu seinem Land und seinem Glauben aus. Denn in Arag\u00f3n gehen Kultur und Religion Hand in Hand, und die regionale Tracht ist das sichtbare Zeugnis daf\u00fcr, dass Traditionen, wenn sie mit Liebe gelebt werden, niemals sterben.<\/p>\n","protected":false},"excerpt":{"rendered":"<p>Die aragonesische Tracht ist weit mehr als nur folkloristische Kleidung. Sie ist lebendige Erinnerung, kulturelle Identit\u00e4t und ein Symbol eines Landes, das Geschichte, Fr\u00f6mmigkeit und Br\u00e4uche atmet, die von Generation zu Generation weitergegeben werden. Man kann Arag\u00f3n nicht verstehen ohne seine T\u00e4nze, ohne die Jota, ohne die Kraft seiner Menschen\u2026 und auch nicht ohne seine &hellip;<\/p>\n","protected":false},"author":2,"featured_media":86,"comment_status":"open","ping_status":"open","sticky":false,"template":"","format":"standard","meta":{"footnotes":""},"categories":[21,25],"tags":[39],"class_list":["post-85","post","type-post","status-publish","format-standard","has-post-thumbnail","","category-kultur-und-gesellschaft","category-symbol-aragoniens-und-identitaet","tag-aragonesische-tracht"],"_links":{"self":[{"href":"https:\/\/basilicadelpilar.com\/de\/wp-json\/wp\/v2\/posts\/85","targetHints":{"allow":["GET"]}}],"collection":[{"href":"https:\/\/basilicadelpilar.com\/de\/wp-json\/wp\/v2\/posts"}],"about":[{"href":"https:\/\/basilicadelpilar.com\/de\/wp-json\/wp\/v2\/types\/post"}],"author":[{"embeddable":true,"href":"https:\/\/basilicadelpilar.com\/de\/wp-json\/wp\/v2\/users\/2"}],"replies":[{"embeddable":true,"href":"https:\/\/basilicadelpilar.com\/de\/wp-json\/wp\/v2\/comments?post=85"}],"version-history":[{"count":1,"href":"https:\/\/basilicadelpilar.com\/de\/wp-json\/wp\/v2\/posts\/85\/revisions"}],"predecessor-version":[{"id":87,"href":"https:\/\/basilicadelpilar.com\/de\/wp-json\/wp\/v2\/posts\/85\/revisions\/87"}],"wp:featuredmedia":[{"embeddable":true,"href":"https:\/\/basilicadelpilar.com\/de\/wp-json\/wp\/v2\/media\/86"}],"wp:attachment":[{"href":"https:\/\/basilicadelpilar.com\/de\/wp-json\/wp\/v2\/media?parent=85"}],"wp:term":[{"taxonomy":"category","embeddable":true,"href":"https:\/\/basilicadelpilar.com\/de\/wp-json\/wp\/v2\/categories?post=85"},{"taxonomy":"post_tag","embeddable":true,"href":"https:\/\/basilicadelpilar.com\/de\/wp-json\/wp\/v2\/tags?post=85"}],"curies":[{"name":"wp","href":"https:\/\/api.w.org\/{rel}","templated":true}]}}